{"id":4336,"date":"2016-02-14T13:57:21","date_gmt":"2016-02-14T13:57:21","guid":{"rendered":"http:\/\/www.slineamt.ro\/apostolul\/?p=4336"},"modified":"2016-02-14T13:57:21","modified_gmt":"2016-02-14T13:57:21","slug":"revista-generatia-9-a-ajuns-la-cea-de-a-38-a-editie","status":"publish","type":"post","link":"https:\/\/www.slineamt.ro\/apostolul\/arte-si-meseriii\/revista-generatia-9-a-ajuns-la-cea-de-a-38-a-editie\/","title":{"rendered":"Revista \u201eGenera\u0163ia 9\u201d a ajuns la cea de-a 38-a edi\u0163ie"},"content":{"rendered":"<p><a href=\"http:\/\/www.slineamt.ro\/apostolul\/wp-content\/uploads\/2016\/02\/generatia-9-pag-19.jpg\" rel=\"attachment wp-att-4337\"><img loading=\"lazy\" decoding=\"async\" class=\" wp-image-4337 alignright\" src=\"http:\/\/www.slineamt.ro\/apostolul\/wp-content\/uploads\/2016\/02\/generatia-9-pag-19-226x300.jpg\" alt=\"generatia 9 pag 19\" width=\"273\" height=\"355\" \/><\/a>A ap\u0103rut num\u0103rul 38 al \u00eendr\u0103gitei reviste \u201eGenera\u0163ia 9\u201d, publica\u0163ie a \u015ecolii Gimnaziale nr. 2 din Piatra-Neam\u0163. Pentru prima dat\u0103 \u00een variant\u0103 color, revista \u2013 realizat\u0103 cu mult talent, duio\u015fie \u015fi umor de c\u0103tre doamna profesoar\u0103 Monica Cristea \u2013 cuprinde rubrici precum: \u201eExcelen\u0163a la ea acas\u0103\u201d, \u201ePagina credin\u0163ei\u201d, \u201ePitici cu condei\u201d, \u201eAtelier literar\u201d, \u201eMisterele Terrei\u201d, \u201ePagina de fizic\u0103\u201d, \u201ePagina de mate\u201d, \u201e\u00centreb\u0103ri \u015fi r\u0103spunsuri\u201d, \u201eInterviu\u201d, \u201ePasiuni \u015fi talente\u2026\u201d etc.<\/p>\n<p>Pe parcursul celor 14 ani de apari\u0163ie, revista a adunat \u00een paginile ei talentul \u015fi creativitatea genera\u0163iilor de elevi care au trecut pragul \u015fcolii, remarc\u00e2ndu-se la diferitele competi\u0163ii regionale \u015fi na\u0163ionale.<\/p>\n<p>\u201eParticip\u00e2nd mai \u00eent\u00e2i la etapa jude\u0163ean\u0103 a Concursului de Reviste \u015ecolare, publica\u0163ia noastr\u0103 a primit premiul I \u015fi a ob\u0163inut dreptul de a fi prezent\u0103 la etapa urm\u0103toare. Astfel, a intrat \u00een competi\u0163ie cu acela\u015fi gen de reviste care v\u0103d lumina tiparului \u00een toate jude\u0163ele Rom\u00e2niei. Spre bucuria redac\u0163iei \u015fi a celor care au sprijinit demersul editorial al elevilor de la \u015ecoala Gimnazial\u0103 nr 2, \u00abGenera\u0163ia 9\u00bb se afl\u0103 printre cei dint\u00e2i, ocup\u00e2nd acela\u015fi onorant loc 1. Am mai aminti c\u0103 revista \u015ecolii 2 este singura din jude\u0163, la sec\u0163iunea gimnaziu, care se num\u0103r\u0103 printre laurea\u0163i\u201d, spune prof. Monica Cristea, coordonatoarea publica\u0163iei.<\/p>\n<p>Nu \u00een ultimul r\u00e2nd, o parte dintre fo\u015ftii redactori ai revistei sunt ast\u0103zi studen\u0163i sau masteranzi la Facultatea de Jurnalistic\u0103, ceea ce demonstreaz\u0103 faptul c\u0103 o revist\u0103 \u015fcolar\u0103 \u2013 mai ales atunci c\u00e2nd vorbim de o publica\u0163ie de talia \u201eGenera\u0163iei 9\u201d \u2013 poate eviden\u0163ia \u015fi canaliza \u00eenclina\u0163iile \u015fi talentele \u015fcolarilor c\u0103tre diferite domenii, precum literatur\u0103, fizic\u0103, matematic\u0103, biologie, sport, chimie, muzic\u0103.<\/p>\n<p>&nbsp;<\/p>\n<p>Un vis \u00eemplinit<\/p>\n<p>&nbsp;<\/p>\n<p>\u00cen cuv\u00e2ntul rostit la festivitatea de lansare a ultimului num\u0103r al revistei \u201eGenera\u0163ia 9\u201d, prof. Monica Cristea a mul\u0163umit, \u00eentr-un fel aparte, binef\u0103c\u0103torilor care au sus\u0163inut apari\u0163ia primului num\u0103r color al revistei. Red\u0103m un fragment din spusele doamnei profesoare, cu speran\u0163a \u015fi \u00eencrederea c\u0103 revista va avea o via\u0163\u0103 c\u00e2t mai lung\u0103, aduc\u00e2nd \u00een sufletele celor mici, dar \u015fi al celor mari raze de lumin\u0103, \u00eentr-o lume \u00een care \u00eentunericul \u00ee\u015fi face din ce \u00een ce mai sim\u0163it\u0103 prezen\u0163a\u2026<\/p>\n<p>\u201e\u015ei-a \u00eencruntat fruntea Prea \u00cen\u0103l\u0163atul, \u015fi-a scuturat barba de om\u0103t \u015fi l-a chemat la el pe Petru. Petru, Sf\u00e2ntul Petru, cel cu cheile de la Rai.<\/p>\n<p>\u2212 Ia, spune, Petre, ce \u015ftii?! Mai tr\u0103ie\u015fte profesoara ceea care mi se ruga pentru ca revista pe care o tot mig\u0103le\u015fte s\u0103 prind\u0103 culoare \u015fi \u00een interior?<\/p>\n<p>\u2212 Da, tr\u0103ie\u015fte Doamne, c\u0103-i o \u00eenc\u0103p\u0103\u0163\u00e2nat\u0103 \u015fi ne-a ros urechile cu revista aia a ei. S-a rugat la to\u0163i sfin\u0163ii, ce mai&#8230; \u015etie una \u015fi bun\u0103: \u00abrevist\u0103 color, revist\u0103 color\u00bb. \u015ei doar i-ai dat destule pe cap ca s\u0103-\u015fi vad\u0103 de durerile ei, da ea, nu \u015fi nu! (&#8230;) Iaca-i ruga din ultimii 14 ani, Preasfinte, c\u0103 am \u00eenv\u0103\u0163at-o pe de rost, zice a\u015fa: \u00abF\u0103, Doamne, ca m\u0103car o dat\u0103 \u00een via\u0163\u0103 s\u0103 m\u0103 pot bucura \u015fi eu, adic\u0103 ea, de ochii calzi ai copiilor, de z\u00e2mbetele lor luminoase de pe fe\u0163ele mici, f\u0103 o minune s\u0103 apar\u0103 COLOR toat\u0103 revista Genera\u0163ia 9!\u00bb (&#8230;) \u00cendur\u0103-te de ea, Preasfinte, c\u0103 la Tine este mila \u015fi puterea. (&#8230;)<\/p>\n<p>\u2212 Eh, oft\u0103 Preasl\u0103vitul, bine zici, Petre, nu degeaba te-am luat ajutorul meu. Am s\u0103 trimit un mesager, da\u00b4 o s\u0103 fie special: f\u0103r\u0103 aripioare, f\u0103r\u0103 aureol\u0103, care nu zboar\u0103 prin v\u0103zduh, unul de-al lor, dar puternic legat de locul minunat \u00een care le-am h\u0103r\u0103zit s\u0103 tr\u0103iasc\u0103, \u00een Gr\u0103dina Maicii Domnului. Un&#8230; \u00eenger-inginer&#8230; un inginer silvic. Da, da, am s\u0103 dau g\u00e2ndul cel bun \u015fi puterea financiar\u0103 celui care a mai dus la \u015fcoala aceea doi pui\u015fori de ulm, dup\u0103 ce l-am chemat pe copacul cel b\u0103tr\u00e2n, parc\u0103 Nenea Ulmul \u00eei spunea, s\u0103 ne \u00eempodobeasc\u0103 intrarea la Poarta Raiului. Bine zici, Petre, ia \u015fopte\u015fte-i tu lui Paul, inginerului Paul R\u00e2tan s\u0103 dea m\u00e2na cea de ajutor copiilor \u015fi d\u0103sc\u0103li\u0163ei \u015fi nu uita, Petre, f\u0103 a\u015fa ca de unde d\u0103, Noi s\u0103-i d\u0103m cu asupra de m\u0103sur\u0103. C\u0103 oamenii buni pe P\u0103m\u00e2nt sunt din ce \u00een ce mai rari\u201d.<\/p>\n<p>&nbsp;<\/p>\n<p>Irina NASTASIU<\/p>\n","protected":false},"excerpt":{"rendered":"<p>A ap\u0103rut num\u0103rul 38 al \u00eendr\u0103gitei reviste \u201eGenera\u0163ia 9\u201d, publica\u0163ie a \u015ecolii Gimnaziale nr. 2 din Piatra-Neam\u0163. Pentru prima dat\u0103 \u00een variant\u0103 color, revista \u2013 realizat\u0103 cu mult talent, duio\u015fie \u015fi umor de c\u0103tre doamna profesoar\u0103 Monica Cristea \u2013 cuprinde&hellip;<\/p>\n<p class=\"more-link-p\"><a class=\"more-link\" href=\"https:\/\/www.slineamt.ro\/apostolul\/arte-si-meseriii\/revista-generatia-9-a-ajuns-la-cea-de-a-38-a-editie\/\">Read more &rarr;<\/a><\/p>\n","protected":false},"author":1,"featured_media":0,"comment_status":"open","ping_status":"open","sticky":false,"template":"","format":"standard","meta":{"footnotes":""},"categories":[7,64],"tags":[],"class_list":["post-4336","post","type-post","status-publish","format-standard","hentry","category-arte-si-meseriii","category-numarul-184"],"_links":{"self":[{"href":"https:\/\/www.slineamt.ro\/apostolul\/wp-json\/wp\/v2\/posts\/4336","targetHints":{"allow":["GET"]}}],"collection":[{"href":"https:\/\/www.slineamt.ro\/apostolul\/wp-json\/wp\/v2\/posts"}],"about":[{"href":"https:\/\/www.slineamt.ro\/apostolul\/wp-json\/wp\/v2\/types\/post"}],"author":[{"embeddable":true,"href":"https:\/\/www.slineamt.ro\/apostolul\/wp-json\/wp\/v2\/users\/1"}],"replies":[{"embeddable":true,"href":"https:\/\/www.slineamt.ro\/apostolul\/wp-json\/wp\/v2\/comments?post=4336"}],"version-history":[{"count":1,"href":"https:\/\/www.slineamt.ro\/apostolul\/wp-json\/wp\/v2\/posts\/4336\/revisions"}],"predecessor-version":[{"id":4338,"href":"https:\/\/www.slineamt.ro\/apostolul\/wp-json\/wp\/v2\/posts\/4336\/revisions\/4338"}],"wp:attachment":[{"href":"https:\/\/www.slineamt.ro\/apostolul\/wp-json\/wp\/v2\/media?parent=4336"}],"wp:term":[{"taxonomy":"category","embeddable":true,"href":"https:\/\/www.slineamt.ro\/apostolul\/wp-json\/wp\/v2\/categories?post=4336"},{"taxonomy":"post_tag","embeddable":true,"href":"https:\/\/www.slineamt.ro\/apostolul\/wp-json\/wp\/v2\/tags?post=4336"}],"curies":[{"name":"wp","href":"https:\/\/api.w.org\/{rel}","templated":true}]}}