{"id":4351,"date":"2016-02-14T14:04:15","date_gmt":"2016-02-14T14:04:15","guid":{"rendered":"http:\/\/www.slineamt.ro\/apostolul\/?p=4351"},"modified":"2016-02-14T14:04:15","modified_gmt":"2016-02-14T14:04:15","slug":"scoala-altfel","status":"publish","type":"post","link":"https:\/\/www.slineamt.ro\/apostolul\/cogito-ergo-sum\/scoala-altfel\/","title":{"rendered":"\u015ecoala altfel"},"content":{"rendered":"<p>&nbsp;<\/p>\n<p>A\u0163i sesizat? De ceva vreme \u00een Rom\u00e2nia, \u015fcolile nu mai sunt numerotate, poart\u0103 nume. Aten\u0163ie numele unor dasc\u0103li de prestigiu sau a unor mini\u015ftri care au slujit cu credin\u0163\u0103 Educa\u0163ia (v. \u201ecazul\u201d Spiru Haret). Unii pretind c\u0103 aceast\u0103 schimbare de \u201eetichet\u0103\u201d e folosit\u0103 \u015fi de UE, dar f\u0103r\u0103 rezultate remarcabile. Deci face parte din Reform\u0103. A\u015fa au ajuns \u015ec. gen. nr. 4 din Piatra Neam\u0163, \u201eElena Cuza\u201d, \u015ec. gen. nr. 10, \u201eNicu Albu\u201d iar \u015ec. nr. 26, \u201eDaniela Cuciuc\u201d. \u015ei \u00een mediul rural se folose\u015fte sistemul despre care facem vorbire. Exemple? La Tazl\u0103u, \u015fcoala se nume\u015fte Cezar \u0162ucu, la Poiana Teiului \u2013 Iulian Barabul\u0103, la P\u0103str\u0103veni, Ana Sterian&#8230; Unele licee au \u015fi doua nume. La Bicaz \u00eent\u00e2lnim numele Xenia S\u00e2rbu \u015fi Mihai Apopi&#8230; Cert este c\u0103 fiecare cadru didactic care a predat o via\u0163\u0103 \u00eentreag\u0103 la o unitate \u015fcolar\u0103 \u015fi-ar dori s\u0103-\u015fi vad\u0103 numele pe frontispiciu, dar asta e \u00een func\u0163ie de merite. \u015ei la profesori, ca \u015fi la politicieni avem cadre capabile \u015fi lamentabile. Este? Asta-i situa\u0163ia!<\/p>\n<p>\u015ei pentru c\u0103, subsemnatul a predat multe cincinale la \u0163ar\u0103, tare a\u015f vrea ca \u015fcolile din comuna unde a fost apostol al neamului demult, demult s\u0103 poarte nume reprezentative. La \u015ec. din Dumbrava Deal a\u015f pune numele Velichi Ana, o \u00eenv\u0103\u0163\u0103toare de calitatea care a tr\u0103it toat\u0103 via\u0163a \u00eentre elevii ei \u015fi a f\u0103cut mii de kilometri per pedes-apostolorum. La Dumbrava Vale l-a\u015f pune st\u0103p\u00e2n peste vecie pe \u00eenv. C. Filimon, veteran de r\u0103zboi \u015fi \u00eenv\u0103\u0163\u0103tor de marc\u0103. \u00cen colonia S\u0103vine\u015fti a\u015f \u00eencorona-o pe dna. A. C\u00e2rl\u0103nescu iar la \u015fcoala de centru pe N. P\u00e2rloag\u0103, fiu al satului cu trup \u015fi suflet. Visuri, visuri cu care tr\u0103ie\u015fte orice pensionar.<\/p>\n<p>Anul trecut \u00een Editura Cetatea Doamnei din Piatra Neam\u0163 a ap\u0103rut o carte de 324 de pagini, intitulat\u0103: \u201ePoveste, istorie \u015fi imagine \u00een \u0163inutul Neam\u0163ului\u201d. O \u00eensumare de inteviuri luate de elevii de pe Valea Muntelui, oamenilor ajun\u015fi la a treia v\u00e2rst\u0103. Ce ne ofer\u0103 recenta lucrare? Multe. Le afl\u0103m din r\u0103spunsurile celor interoga\u0163i. Majoritatea au urmat patru clase primare, pentru c\u0103 \u201ea\u015fa se obi\u015fnuia pe atunci\u201d. \u00cenv\u0103\u0163\u0103torii erau severi, te b\u0103teau la palm\u0103 \u015fi te puneau la col\u0163 pe coji de nuc\u0103. La \u00eentrebarea: Ce a\u0163i f\u0103cut \u00een via\u0163\u0103?, to\u0163i au r\u0103spuns, am muncit cu c\u00e2rca la cei boga\u0163i. Academicianul Eugen Simion compar\u00e2nd \u015fcoala lui Spiru Haret cu cea actual\u0103, o admir\u0103 pe prima. Mai mult, critic\u0103 dur desfiin\u0163area \u015fcolilor s\u0103te\u015fti cu efective sub 300 de elevi. \u00cen mentalitatea academicianului, nu poate exista sat f\u0103r\u0103 \u015fcoal\u0103.<\/p>\n<p>&nbsp;<\/p>\n<p>Dumitru RUSU<\/p>\n","protected":false},"excerpt":{"rendered":"<p>&nbsp; A\u0163i sesizat? De ceva vreme \u00een Rom\u00e2nia, \u015fcolile nu mai sunt numerotate, poart\u0103 nume. Aten\u0163ie numele unor dasc\u0103li de prestigiu sau a unor mini\u015ftri care au slujit cu credin\u0163\u0103 Educa\u0163ia (v. \u201ecazul\u201d Spiru Haret). Unii pretind c\u0103 aceast\u0103 schimbare&hellip;<\/p>\n<p class=\"more-link-p\"><a class=\"more-link\" href=\"https:\/\/www.slineamt.ro\/apostolul\/cogito-ergo-sum\/scoala-altfel\/\">Read more &rarr;<\/a><\/p>\n","protected":false},"author":1,"featured_media":0,"comment_status":"open","ping_status":"open","sticky":false,"template":"","format":"standard","meta":{"footnotes":""},"categories":[17,64],"tags":[],"class_list":["post-4351","post","type-post","status-publish","format-standard","hentry","category-cogito-ergo-sum","category-numarul-184"],"_links":{"self":[{"href":"https:\/\/www.slineamt.ro\/apostolul\/wp-json\/wp\/v2\/posts\/4351","targetHints":{"allow":["GET"]}}],"collection":[{"href":"https:\/\/www.slineamt.ro\/apostolul\/wp-json\/wp\/v2\/posts"}],"about":[{"href":"https:\/\/www.slineamt.ro\/apostolul\/wp-json\/wp\/v2\/types\/post"}],"author":[{"embeddable":true,"href":"https:\/\/www.slineamt.ro\/apostolul\/wp-json\/wp\/v2\/users\/1"}],"replies":[{"embeddable":true,"href":"https:\/\/www.slineamt.ro\/apostolul\/wp-json\/wp\/v2\/comments?post=4351"}],"version-history":[{"count":1,"href":"https:\/\/www.slineamt.ro\/apostolul\/wp-json\/wp\/v2\/posts\/4351\/revisions"}],"predecessor-version":[{"id":4352,"href":"https:\/\/www.slineamt.ro\/apostolul\/wp-json\/wp\/v2\/posts\/4351\/revisions\/4352"}],"wp:attachment":[{"href":"https:\/\/www.slineamt.ro\/apostolul\/wp-json\/wp\/v2\/media?parent=4351"}],"wp:term":[{"taxonomy":"category","embeddable":true,"href":"https:\/\/www.slineamt.ro\/apostolul\/wp-json\/wp\/v2\/categories?post=4351"},{"taxonomy":"post_tag","embeddable":true,"href":"https:\/\/www.slineamt.ro\/apostolul\/wp-json\/wp\/v2\/tags?post=4351"}],"curies":[{"name":"wp","href":"https:\/\/api.w.org\/{rel}","templated":true}]}}