{"id":4353,"date":"2016-02-14T14:06:43","date_gmt":"2016-02-14T14:06:43","guid":{"rendered":"http:\/\/www.slineamt.ro\/apostolul\/?p=4353"},"modified":"2016-02-14T14:06:43","modified_gmt":"2016-02-14T14:06:43","slug":"gala%e2%80%88culturii%e2%80%88nemtene","status":"publish","type":"post","link":"https:\/\/www.slineamt.ro\/apostolul\/eveniment\/gala%e2%80%88culturii%e2%80%88nemtene\/","title":{"rendered":"GALA\u2008CULTURII\u2008NEM\u0162ENE"},"content":{"rendered":"<p>&nbsp;<\/p>\n<p><a href=\"http:\/\/www.slineamt.ro\/apostolul\/wp-content\/uploads\/2016\/02\/adrian-nora-pag-1.jpg\" rel=\"attachment wp-att-4354\"><img loading=\"lazy\" decoding=\"async\" class=\"size-medium wp-image-4354 alignleft\" src=\"http:\/\/www.slineamt.ro\/apostolul\/wp-content\/uploads\/2016\/02\/adrian-nora-pag-1-217x300.jpg\" alt=\"adrian nora pag 1\" width=\"217\" height=\"300\" srcset=\"https:\/\/www.slineamt.ro\/apostolul\/wp-content\/uploads\/2016\/02\/adrian-nora-pag-1-217x300.jpg 217w, https:\/\/www.slineamt.ro\/apostolul\/wp-content\/uploads\/2016\/02\/adrian-nora-pag-1.jpg 257w\" sizes=\"auto, (max-width: 217px) 100vw, 217px\" \/><\/a>Miercuri, 13 ianuarie, prefa\u0163\u00e2nd Ziua Na\u0163ional\u0103 a Culturii Rom\u00e2ne, \u00een sala Teatrului Tineretului a avut loc prima edi\u0163ie a Galei Culturii Nem\u0163ene, un eveniment necesar, a\u015fteptat aproape un sfert de veac \u015fi marc\u00e2nd \u2013 sper\u0103m \u2013 \u00eenceputul intr\u0103rii \u00een normalitate a vie\u0163ii spirituale nem\u0163ene. Ini\u0163iativa apar\u0163ine scriitorului Adrian Alui Gheorghe, directorul Bibliotecii Jude\u0163ene \u201eG. T. Kirileanu\u201d, care a implicat \u00eentr-un parteneriat benefic Consiliul Jude\u0163ean Neam\u0163, Agen\u0163ia de Dezvoltare Regional\u0103 Nord-Est, Teatrul Tineretului \u015fi Academia de Muzic\u0103 \u201eGheorghe Dima\u201d din Cluj-Napoca (Extensia Piatra-Neam\u0163).<\/p>\n<p>Cu inten\u0163ia declarat\u0103 de a marca profesionalismul cultural, modele artistice, personalit\u0103\u0163i, evenimente \u015fi institu\u0163ii, Gala \u015fi-a propus s\u0103 consemneze superlativele culturale ale anului 2015, oferind, \u00eentr-o atmosfera elevat\u0103, \u00een prezen\u0163a unui public avizat, p\u0103tima\u015f \u015fi c\u00e2rcota\u015f, distinc\u0163ii \u015fi premii ce ar trebui s\u0103 impun\u0103 \u015fi c\u0103 consolideze o elit\u0103 recognoscibil\u0103. O elit\u0103 care s\u0103-\u015fi merite calificativul \u015fi s\u0103-\u015fi con\u015ftientizeze parcursul comun \u00een afirmarea spiritualit\u0103\u0163ii nem\u0163ene.<a href=\"http:\/\/www.slineamt.ro\/apostolul\/wp-content\/uploads\/2016\/02\/draga-pag-4.jpg\" rel=\"attachment wp-att-4355\"><img loading=\"lazy\" decoding=\"async\" class=\"size-medium wp-image-4355 alignright\" src=\"http:\/\/www.slineamt.ro\/apostolul\/wp-content\/uploads\/2016\/02\/draga-pag-4-286x300.jpg\" alt=\"draga-pag 4\" width=\"286\" height=\"300\" srcset=\"https:\/\/www.slineamt.ro\/apostolul\/wp-content\/uploads\/2016\/02\/draga-pag-4-286x300.jpg 286w, https:\/\/www.slineamt.ro\/apostolul\/wp-content\/uploads\/2016\/02\/draga-pag-4.jpg 304w\" sizes=\"auto, (max-width: 286px) 100vw, 286px\" \/><\/a><\/p>\n<p>La capitolul Biblioteca. Memoria culturii, cultura memoriei au fost premia\u0163i \u00een mod democratic, adic\u0103 p\u0103str\u00e2nd propor\u0163iile, 11 bibliotecari din: Piatra-Neam\u0163 \u2013 Costache Agache, Mihaela Mereu\u0163\u0103, Elena Codescu, Crina Ilea, Adriana Ciocoiu, Roman \u2013 Cristina Panaite, Tg. Neam\u0163 \u2013 Lidia Richter, Bicaz \u2013 Ion Asavei, Tupila\u0163i \u2013 Romic\u0103 Leonte, Dulce\u015fti \u2013 Elena Bujor, Movileni \u2013 Elena Moisei; dar \u015fi primarii din comunele Gher\u0103e\u015fti \u2013 Carol Bere\u015foaie, Tazl\u0103u \u2013 Constantin Machidon \u015fi S\u0103b\u0103oani \u2013 Valeria Dasc\u0103lu, pentru investi\u0163iile \u00een sediile, proiectele \u015fi achizi\u0163iile bibliotecilor arondate.<\/p>\n<p>Premiul Na\u0163ional \u201ePetru Ursache\u201d, edi\u0163ia a II-a i s-a acordat lui Valentin Ajder: pentru editarea \u015fi promovarea operei c\u0103rturarului Petru Ursache, \u00een anul 2015;<\/p>\n<p>La sec\u0163iunea Management evenimentelor culturale ale anului 2015 \u00een jude\u0163ul Neam\u0163 au fost premia\u0163i Florentina Buzenschi \u2013 Complexul Muzeal Jude\u0163ean Neam\u0163 pentru organizarea a zece edi\u0163ii ale \u201eT\u00e2rgului me\u015fterilor populari. Lada cu zestre\u201d; Emanuel B\u0103lan \u2013 coordonator a cinci edi\u0163ii din \u201eGala Premiilor de Excelen\u0163\u0103 DEMOSTENE\u201d din T\u00e2rgu Neam\u0163; Liviu Timu\u015f, director al TT, pentru organizarea Festivalului Na\u0163ional de Teatru de la Piatra Neam\u0163; Carmen N\u0103stas\u0103 \u2013 Centrul de cultur\u0103 \u015fi art\u0103 \u201eCarmen Saeculare\u201d pentru relansarea \u201eVacan\u0163elor muzicale la Piatra Neam\u0163\u201d \u015fi Gheorghe Dumitroaia \u2013 director al Complexului Muzeal Jude\u0163ean Neam\u0163.<\/p>\n<p>La capitolul Arte, au primit premii pentru Literatur\u0103: Emil Nicolae, Adrian G. Romila, Gheorghe Simon; pentru Art\u0103 plastic\u0103: Mircea R\u0103zvan Ciac\u00e2ru, Lucian Tudorache Vasile Ple\u015fca (colec\u0163ionar de art\u0103), Maria Huminiuc \u015fi Funda\u0163ia \u201eVorel\u201d \u2013 organizare Bienala de Art\u0103 \u201eLasc\u0103r Vorel\u201d -, Liviu S\u0103ndulache (Premiul \u201eDan Cepoi\u201d pentru un debut plastic); pentru Teatru: Cezar Antal, Rare\u015f P\u00e2rlog; pentru Muzic\u0103 \u2013 Eugenia Tiugea, Corala \u201eBazil Anastasescu\u201d a ora\u015fului T\u00e2rgu Neam\u0163, de pe l\u00e2ng\u0103 Funda\u0163ia \u201eIon Creang\u0103\u201d<\/p>\n<p>Au mai primit Premii speciale: Draga Olteanu \u2013 Matei (teatru), Gheorghe A. M. Ciobanu (literatur\u0103), Elena Florescu (pentru seria \u201eDin cultura tradi\u0163ional\u0103 a jude\u0163ului Neam\u0163\u201d), Constantin Tom\u015fa (istorie \u015fi critic\u0103 literar\u0103), Alina Feren\u0163 \u015fi Alina Casandrescu (Premiul \u201eViorel Tudose\u201d pentru publicistic\u0103 cultural\u0103); Mihaela Verzea \u015fi Nicolae Dumitra\u015fcu (istorie; realizarea volumului Familia Regal\u0103 a Rom\u00e2niei. Pagini de istorie din \u0162inutul Neam\u0163ului (2015); Dan Iacob (realizarea volumului antologic \u201eIisus Hristos. Cre\u015ftinismul. Biserica\u201d); Ioan Amironoaie (\u201eClubul de cool-tur\u0103\u201d, Est-TV); Cornel Ag\u0103leanu (valorificarea documentelor \u015fi promovarea imaginii pictorului Aurel B\u0103e\u015fu); Emilia \u0162u\u0163uianu (revista de cultur\u0103 \u201eMelidonium\u201d, Roman); Constantin Bostan (valorificarea \u015fi promovarea operei \u015fi memoriei lui G. T. Kirileanu),<\/p>\n<p>Manifestarea l-a avut ca invitat pe Varujan Vosganian (vicepre\u015fedinte al Uniunii Scriitorilor din Rom\u00e2nia) care a sus\u0163inut conferin\u0163a Cultura na\u0163ional\u0103 \u015fi destinul ei european.<\/p>\n<p><a href=\"http:\/\/www.slineamt.ro\/apostolul\/wp-content\/uploads\/2016\/02\/Timus-pag-4.jpg\" rel=\"attachment wp-att-4356\"><img loading=\"lazy\" decoding=\"async\" class=\"size-medium wp-image-4356 alignleft\" src=\"http:\/\/www.slineamt.ro\/apostolul\/wp-content\/uploads\/2016\/02\/Timus-pag-4-300x263.jpg\" alt=\"Timus pag 4\" width=\"300\" height=\"263\" srcset=\"https:\/\/www.slineamt.ro\/apostolul\/wp-content\/uploads\/2016\/02\/Timus-pag-4-300x263.jpg 300w, https:\/\/www.slineamt.ro\/apostolul\/wp-content\/uploads\/2016\/02\/Timus-pag-4.jpg 319w\" sizes=\"auto, (max-width: 300px) 100vw, 300px\" \/><\/a>Un moment muzical de excep\u0163ie a fost prilejuit de interpretarea unei selec\u0163ii de lieduri pe versuri de Mihai Eminescu cu participarea sopranelor Gabriela Pepelea \u015fi Anastasia Buruian, acompaniate la pian de Ligia Ghilea \u015fi Raisa B\u00e2rliba, de la Academia de Muzic\u0103 \u201eGh. Dima\u201d din Cluj-Napoca. Tot Academiei de Muzic\u0103 i se datoreaz\u0103 un alt moment muzical deosebit sus\u0163inut de mae\u015ftrii Constantin Andrei (chitar\u0103) \u015fi Titus Fluera\u015f (vioar\u0103), care au readus \u00een memoria spectatorilor partituri semnate de Roberto Di Marino, Astor Piazzolla sau Carlos Gardel.<\/p>\n<p>Sub genericul Eminesciana, versurile Luceaf\u0103rului nostru, \u00een interpretarea actorilor Nora Covali, Daniel Be\u015fleag\u0103, au demonstrat de ce este Eminescu un poet nepereche \u015fi c\u00e2t de greu este s\u0103 te apropii de el, s\u0103-l \u00een\u0163elegi, s\u0103-l iube\u015fti \u015fi s\u0103 nu-l tr\u0103dezi.<\/p>\n<p>Invita\u0163ii speciali ai evenimentului au fost actorii Vasile Muraru \u015fi Valentina F\u0103tu de la Teatrul de revist\u0103 \u201eConstantin T\u0103nase\u201d din Bucure\u015fti care au prestat un moment comic, descre\u0163ind frun\u0163ile \u00eeng\u00e2ndurate ale auditoriului.<\/p>\n<p>\u00cen final voi spune c\u0103, pentru o edi\u0163ie de debut, aceast\u0103 GAL\u0102 s-a prezentat excelent. Salut inventarea premiilor Viorel Tudose \u015fi Dan Cepoi. Nu comentez \u00eens\u0103 num\u0103rul \u015fi nominaliz\u0103rile premiilor (Eu am r\u00e2s, n-am spus nimica), \u015fi, fiindc\u0103 veni vorba de Floare albastr\u0103, nici presta\u0163iile artistice de pe scen\u0103. Lucrurile au (de)curs f\u0103r\u0103 deregl\u0103ri notabile ale foii de parcurs, de\u015fi unii vorbitori au confundat microfonul \u015fi amvonul, de\u015fi m-am a\u015fteptat ca excelentul orator Varujan Vosganian s\u0103 evite mai ferm locurile comune ale temei prezentate. Nu pot \u00eencheia f\u0103r\u0103 a aprecia elegan\u0163a \u015fi distinc\u0163ia cu care celor premia\u0163i li s-au oferit o diplom\u0103 \u015fi o plachet\u0103 personalizat\u0103, un trandafir alb \u015fi o acuarel\u0103 semnat\u0103 de Arcadie R\u0103ileanu. Le meritau din plin.<\/p>\n<p>&nbsp;<\/p>\n<p>Mircea ZAHARIA<\/p>\n","protected":false},"excerpt":{"rendered":"<p>&nbsp; Miercuri, 13 ianuarie, prefa\u0163\u00e2nd Ziua Na\u0163ional\u0103 a Culturii Rom\u00e2ne, \u00een sala Teatrului Tineretului a avut loc prima edi\u0163ie a Galei Culturii Nem\u0163ene, un eveniment necesar, a\u015fteptat aproape un sfert de veac \u015fi marc\u00e2nd \u2013 sper\u0103m \u2013 \u00eenceputul intr\u0103rii \u00een&hellip;<\/p>\n<p class=\"more-link-p\"><a class=\"more-link\" href=\"https:\/\/www.slineamt.ro\/apostolul\/eveniment\/gala%e2%80%88culturii%e2%80%88nemtene\/\">Read more &rarr;<\/a><\/p>\n","protected":false},"author":1,"featured_media":0,"comment_status":"open","ping_status":"open","sticky":false,"template":"","format":"standard","meta":{"footnotes":""},"categories":[18,64],"tags":[],"class_list":["post-4353","post","type-post","status-publish","format-standard","hentry","category-eveniment","category-numarul-184"],"_links":{"self":[{"href":"https:\/\/www.slineamt.ro\/apostolul\/wp-json\/wp\/v2\/posts\/4353","targetHints":{"allow":["GET"]}}],"collection":[{"href":"https:\/\/www.slineamt.ro\/apostolul\/wp-json\/wp\/v2\/posts"}],"about":[{"href":"https:\/\/www.slineamt.ro\/apostolul\/wp-json\/wp\/v2\/types\/post"}],"author":[{"embeddable":true,"href":"https:\/\/www.slineamt.ro\/apostolul\/wp-json\/wp\/v2\/users\/1"}],"replies":[{"embeddable":true,"href":"https:\/\/www.slineamt.ro\/apostolul\/wp-json\/wp\/v2\/comments?post=4353"}],"version-history":[{"count":1,"href":"https:\/\/www.slineamt.ro\/apostolul\/wp-json\/wp\/v2\/posts\/4353\/revisions"}],"predecessor-version":[{"id":4357,"href":"https:\/\/www.slineamt.ro\/apostolul\/wp-json\/wp\/v2\/posts\/4353\/revisions\/4357"}],"wp:attachment":[{"href":"https:\/\/www.slineamt.ro\/apostolul\/wp-json\/wp\/v2\/media?parent=4353"}],"wp:term":[{"taxonomy":"category","embeddable":true,"href":"https:\/\/www.slineamt.ro\/apostolul\/wp-json\/wp\/v2\/categories?post=4353"},{"taxonomy":"post_tag","embeddable":true,"href":"https:\/\/www.slineamt.ro\/apostolul\/wp-json\/wp\/v2\/tags?post=4353"}],"curies":[{"name":"wp","href":"https:\/\/api.w.org\/{rel}","templated":true}]}}