{"id":7076,"date":"2017-04-29T08:51:50","date_gmt":"2017-04-29T08:51:50","guid":{"rendered":"http:\/\/www.slineamt.ro\/apostolul\/?p=7076"},"modified":"2017-04-29T08:52:48","modified_gmt":"2017-04-29T08:52:48","slug":"probleme-ale-managementului-muzeal-dezbatute-la-piatra-neamt","status":"publish","type":"post","link":"https:\/\/www.slineamt.ro\/apostolul\/nesfarsita-noastra-tranzitie\/probleme-ale-managementului-muzeal-dezbatute-la-piatra-neamt\/","title":{"rendered":"Probleme ale managementului muzeal, dezb\u0103tute la Piatra-Neam\u0163"},"content":{"rendered":"<p>&nbsp;<\/p>\n<p>Muzeul de Istorie \u015fi Arheologie Piatra-Neam\u0163 a g\u0103zduit, pe data de 22 martie, masa rotund\u0103 \u201eTendin\u0163e actuale \u00een managementul cultural. Probleme de sistem \u015fi perspective\u201d, manifestare la care au fost invita\u0163i aproximativ 40 de directori \u015fi reprezentan\u0163i ai unor institu\u0163ii muzeale din \u0163ar\u0103, \u00eentre care ICOM Rom\u00e2nia, Re\u0163eaua Na\u0163ional\u0103 a Muzeelor din Rom\u00e2nia sau Institutul Na\u0163ional de Cercetare \u015fi Formare Cultural\u0103. \u00cen cadrul \u00eent\u00e2lnirii au fost abordate teme legate de perfec\u0163ionarea, formarea \u015fi promovarea personalului din muzee, activitatea de cercetare desf\u0103\u015furat\u0103 \u00een muzee, protejarea \u015fi clasarea patrimoniului, conservarea \u015fi restaurarea patrimoniului, cercetarea \u015fi activitatea \u015ftiin\u0163ific\u0103 din muzee, legisla\u0163ia din domeniul cultural, precum \u015fi problema salariz\u0103rii.<\/p>\n<p>Dr. Iulian Gherc\u0103, directorul Complexului Muzeal Jude\u0163ean Neam\u0163: \u201eDemersul nostru de ini\u0163iere a unor astfel de dezbateri a avut la baz\u0103 cel pu\u0163in dou\u0103 motiva\u0163ii principale: una este aceea de a nu r\u0103m\u00e2ne indiferen\u0163i la problemele de sistem din domeniul muzeal \u015fi de a \u00eencerca s\u0103 g\u0103sim \u00eempreun\u0103 solu\u0163ii pentru anumite probleme, folosindu-ne de experien\u0163a altor colegi din \u0163ar\u0103 \u015fi a doua motiva\u0163ie ar fi stabilirea unui contact direct cu personalul din alte institu\u0163ii, pentru ca \u00een viitor s\u0103 putem demara proiecte comune. De asemenea, vom aborda \u015fi problema form\u0103rii personalului din muzee\u201d.<\/p>\n<p>Festivitatea de deschidere a fost urmat\u0103, \u00een prima parte a dezbaterilor, de o prezentare a Complexului Muzeal Jude\u0163ean Neam\u0163, dup\u0103 care au luat cuv\u00e2ntul dr. Virgil Ni\u0163ulescu, pre\u015fedintele Re\u0163elei Na\u0163ionale a Muzeelor din Rom\u00e2nia (care a vorbit despre perfec\u0163ionarea, formarea \u015fi promovarea personalului din muzee), dr. Ernest Oberl\u00e4nder-T\u00e2rnoveanu, directorul Muzeului Na\u0163ional de Istorie a Rom\u00e2niei (care s-a referit la cercetarea \u015fi activitatea \u015ftiin\u0163ific\u0103 din muzee) \u015fi Dan Octavian Paul, pre\u015fedintele ICOM Rom\u00e2nia (care a abordat problema conserv\u0103rii \u015fi restaur\u0103rii patrimoniului).<\/p>\n<p>\u00cen cea de-a doua parte a mesei rotunde, au sus\u0163inut prezent\u0103ri Diana Ghiorghie\u015f, reprezentant Cultware Cluj-Napoca (\u201eSolu\u0163ii moderne pentru managementul \u015fi valorificarea colec\u0163iilor muzeale\u201d), dr. \u015etefania Dinu, director-adjunct al Muzeului Na\u0163ional Cotroceni (\u201eProtejarea \u015fi clasarea patrimoniului\u201d), dr. Valer Rus, vicepre\u015fedintele Re\u0163elei Na\u0163ionale a Muzeelor din Rom\u00e2nia (\u201eLegisla\u0163ia din domeniul cultural\u201d) \u015fi dr. Emil Constantin Ursu, directorul Muzeului Bucovinei Suceava (\u201eSalarizarea\u201d).<\/p>\n<p>\u00cen final, cei peste 40 de speciali\u015fti \u015fi manageri din domeniul muzeal reuni\u0163i \u00een cadrul mesei rotunde au \u00eenaintat primului-ministru al Rom\u00e2niei \u015fi ministrului Culturii \u015fi Identit\u0103\u0163ii Na\u0163ionale o scrisoare deschis\u0103, \u00een care \u00ee\u015fi exprim\u0103 nemul\u0163umirile generate de lipsa de interes manifestat\u0103 de autorit\u0103\u0163i fa\u0163\u0103 de organizarea Centenarului Marii Uniri, de deficien\u0163a legisla\u0163iei \u00een domeniul protej\u0103rii patrimoniului cultural \u015fi func\u0163ion\u0103rii muzeelor, precum \u015fi de problemele legate de salarizarea personalului din institu\u0163iile muzeale. Am redat integral, mai sus, textul scrisorii deschise.<\/p>\n<p>&nbsp;<\/p>\n<p>Irina NASTASIU<\/p>\n","protected":false},"excerpt":{"rendered":"<p>&nbsp; Muzeul de Istorie \u015fi Arheologie Piatra-Neam\u0163 a g\u0103zduit, pe data de 22 martie, masa rotund\u0103 \u201eTendin\u0163e actuale \u00een managementul cultural. Probleme de sistem \u015fi perspective\u201d, manifestare la care au fost invita\u0163i aproximativ 40 de directori \u015fi reprezentan\u0163i ai unor&hellip;<\/p>\n<p class=\"more-link-p\"><a class=\"more-link\" href=\"https:\/\/www.slineamt.ro\/apostolul\/nesfarsita-noastra-tranzitie\/probleme-ale-managementului-muzeal-dezbatute-la-piatra-neamt\/\">Read more &rarr;<\/a><\/p>\n","protected":false},"author":1,"featured_media":0,"comment_status":"open","ping_status":"closed","sticky":false,"template":"","format":"standard","meta":{"footnotes":""},"categories":[19,137],"tags":[],"class_list":["post-7076","post","type-post","status-publish","format-standard","hentry","category-nesfarsita-noastra-tranzitie","category-numarul-198"],"_links":{"self":[{"href":"https:\/\/www.slineamt.ro\/apostolul\/wp-json\/wp\/v2\/posts\/7076","targetHints":{"allow":["GET"]}}],"collection":[{"href":"https:\/\/www.slineamt.ro\/apostolul\/wp-json\/wp\/v2\/posts"}],"about":[{"href":"https:\/\/www.slineamt.ro\/apostolul\/wp-json\/wp\/v2\/types\/post"}],"author":[{"embeddable":true,"href":"https:\/\/www.slineamt.ro\/apostolul\/wp-json\/wp\/v2\/users\/1"}],"replies":[{"embeddable":true,"href":"https:\/\/www.slineamt.ro\/apostolul\/wp-json\/wp\/v2\/comments?post=7076"}],"version-history":[{"count":1,"href":"https:\/\/www.slineamt.ro\/apostolul\/wp-json\/wp\/v2\/posts\/7076\/revisions"}],"predecessor-version":[{"id":7079,"href":"https:\/\/www.slineamt.ro\/apostolul\/wp-json\/wp\/v2\/posts\/7076\/revisions\/7079"}],"wp:attachment":[{"href":"https:\/\/www.slineamt.ro\/apostolul\/wp-json\/wp\/v2\/media?parent=7076"}],"wp:term":[{"taxonomy":"category","embeddable":true,"href":"https:\/\/www.slineamt.ro\/apostolul\/wp-json\/wp\/v2\/categories?post=7076"},{"taxonomy":"post_tag","embeddable":true,"href":"https:\/\/www.slineamt.ro\/apostolul\/wp-json\/wp\/v2\/tags?post=7076"}],"curies":[{"name":"wp","href":"https:\/\/api.w.org\/{rel}","templated":true}]}}